{"id":158,"date":"2018-06-28T09:26:34","date_gmt":"2018-06-28T09:26:34","guid":{"rendered":"http:\/\/wordpress.andreas-pfeiffer.de\/?p=158"},"modified":"2019-02-26T08:20:28","modified_gmt":"2019-02-26T08:20:28","slug":"kandidatur-fuer-das-vorstandsamt-des-vorsitzenden-im-dve","status":"publish","type":"post","link":"https:\/\/andreas-pfeiffer.de\/?p=158","title":{"rendered":"Kandidatur f\u00fcr das Vorstandsamt des Vorsitzenden im DVE"},"content":{"rendered":"\r\n<p>Auf der Mitgliederversammlung des\u00a0<em>Deutschen Verband der Ergotherapeuten<\/em>\u00a0(DVE) am 22. Juni in W\u00fcrzburg wurde ich zum Vorsitzenden des Vorstands des DVE gew\u00e4hlt. Ich freue mich sehr \u00fcber dieses Amt! Weitere Informationen finden Sie unter:\u00a0<a href=\"https:\/\/dve.info\/service\/aktuelles\/1441-vorsitzender-und-weitere-vorst%C3%A4nde-neu-gew%C3%A4hlt\" target=\"_blank\" rel=\"noreferrer noopener\">DVE<\/a><\/p>\r\n","protected":false},"excerpt":{"rendered":"<p>Auf der Mitgliederversammlung des\u00a0Deutschen Verband der Ergotherapeuten\u00a0(DVE) am 22. Juni in W\u00fcrzburg wurde ich zum Vorsitzenden des Vorstands des DVE gew\u00e4hlt. Ich freue mich sehr \u00fcber dieses Amt! Weitere Informationen finden Sie unter:\u00a0DVE<\/p>\n","protected":false},"author":1,"featured_media":0,"comment_status":"closed","ping_status":"open","sticky":false,"template":"","format":"standard","meta":{"footnotes":""},"categories":[3],"tags":[],"class_list":["post-158","post","type-post","status-publish","format-standard","hentry","category-nachrichten"],"yoast_head":"<!-- This site is optimized with the Yoast SEO plugin v27.5 - https:\/\/yoast.com\/product\/yoast-seo-wordpress\/ -->\n<title>Kandidatur f\u00fcr das Vorstandsamt des Vorsitzenden im DVE - Andreas Pfeiffer<\/title>\n<meta name=\"robots\" content=\"index, follow, max-snippet:-1, max-image-preview:large, max-video-preview:-1\" \/>\n<link rel=\"canonical\" href=\"https:\/\/andreas-pfeiffer.de\/?p=158\" \/>\n<meta property=\"og:locale\" content=\"de_DE\" \/>\n<meta property=\"og:type\" content=\"article\" \/>\n<meta property=\"og:title\" content=\"Kandidatur f\u00fcr das Vorstandsamt des Vorsitzenden im DVE - Andreas Pfeiffer\" \/>\n<meta property=\"og:description\" content=\"Auf der Mitgliederversammlung des\u00a0Deutschen Verband der Ergotherapeuten\u00a0(DVE) am 22. Juni in W\u00fcrzburg wurde ich zum Vorsitzenden des Vorstands des DVE gew\u00e4hlt. Ich freue mich sehr \u00fcber dieses Amt! Weitere Informationen finden Sie unter:\u00a0DVE\" \/>\n<meta property=\"og:url\" content=\"https:\/\/andreas-pfeiffer.de\/?p=158\" \/>\n<meta property=\"og:site_name\" content=\"Andreas Pfeiffer\" \/>\n<meta property=\"article:published_time\" content=\"2018-06-28T09:26:34+00:00\" \/>\n<meta property=\"article:modified_time\" content=\"2019-02-26T08:20:28+00:00\" \/>\n<meta name=\"author\" content=\"andreaspfeiffer\" \/>\n<meta name=\"twitter:card\" content=\"summary_large_image\" \/>\n<meta name=\"twitter:label1\" content=\"Verfasst von\" \/>\n\t<meta name=\"twitter:data1\" content=\"andreaspfeiffer\" \/>\n<script type=\"application\/ld+json\" class=\"yoast-schema-graph\">{\"@context\":\"https:\\\/\\\/schema.org\",\"@graph\":[{\"@type\":\"Article\",\"@id\":\"https:\\\/\\\/andreas-pfeiffer.de\\\/?p=158#article\",\"isPartOf\":{\"@id\":\"https:\\\/\\\/andreas-pfeiffer.de\\\/?p=158\"},\"author\":{\"name\":\"andreaspfeiffer\",\"@id\":\"https:\\\/\\\/andreas-pfeiffer.de\\\/#\\\/schema\\\/person\\\/4fe6b2ec91a99276304bbb38b0efdb7a\"},\"headline\":\"Kandidatur f\u00fcr das Vorstandsamt des Vorsitzenden im DVE\",\"datePublished\":\"2018-06-28T09:26:34+00:00\",\"dateModified\":\"2019-02-26T08:20:28+00:00\",\"mainEntityOfPage\":{\"@id\":\"https:\\\/\\\/andreas-pfeiffer.de\\\/?p=158\"},\"wordCount\":46,\"publisher\":{\"@id\":\"https:\\\/\\\/andreas-pfeiffer.de\\\/#\\\/schema\\\/person\\\/faf4c19532443b2c6dab5f647e1e4a99\"},\"articleSection\":[\"Nachrichten\"],\"inLanguage\":\"de\"},{\"@type\":\"WebPage\",\"@id\":\"https:\\\/\\\/andreas-pfeiffer.de\\\/?p=158\",\"url\":\"https:\\\/\\\/andreas-pfeiffer.de\\\/?p=158\",\"name\":\"Kandidatur f\u00fcr das Vorstandsamt des Vorsitzenden im DVE - Andreas Pfeiffer\",\"isPartOf\":{\"@id\":\"https:\\\/\\\/andreas-pfeiffer.de\\\/#website\"},\"datePublished\":\"2018-06-28T09:26:34+00:00\",\"dateModified\":\"2019-02-26T08:20:28+00:00\",\"breadcrumb\":{\"@id\":\"https:\\\/\\\/andreas-pfeiffer.de\\\/?p=158#breadcrumb\"},\"inLanguage\":\"de\",\"potentialAction\":[{\"@type\":\"ReadAction\",\"target\":[\"https:\\\/\\\/andreas-pfeiffer.de\\\/?p=158\"]}]},{\"@type\":\"BreadcrumbList\",\"@id\":\"https:\\\/\\\/andreas-pfeiffer.de\\\/?p=158#breadcrumb\",\"itemListElement\":[{\"@type\":\"ListItem\",\"position\":1,\"name\":\"Startseite\",\"item\":\"https:\\\/\\\/andreas-pfeiffer.de\\\/\"},{\"@type\":\"ListItem\",\"position\":2,\"name\":\"Kandidatur f\u00fcr das Vorstandsamt des Vorsitzenden im DVE\"}]},{\"@type\":\"WebSite\",\"@id\":\"https:\\\/\\\/andreas-pfeiffer.de\\\/#website\",\"url\":\"https:\\\/\\\/andreas-pfeiffer.de\\\/\",\"name\":\"Andreas Pfeiffer\",\"description\":\"Ergotherapeut\",\"publisher\":{\"@id\":\"https:\\\/\\\/andreas-pfeiffer.de\\\/#\\\/schema\\\/person\\\/faf4c19532443b2c6dab5f647e1e4a99\"},\"potentialAction\":[{\"@type\":\"SearchAction\",\"target\":{\"@type\":\"EntryPoint\",\"urlTemplate\":\"https:\\\/\\\/andreas-pfeiffer.de\\\/?s={search_term_string}\"},\"query-input\":{\"@type\":\"PropertyValueSpecification\",\"valueRequired\":true,\"valueName\":\"search_term_string\"}}],\"inLanguage\":\"de\"},{\"@type\":[\"Person\",\"Organization\"],\"@id\":\"https:\\\/\\\/andreas-pfeiffer.de\\\/#\\\/schema\\\/person\\\/faf4c19532443b2c6dab5f647e1e4a99\",\"name\":\"Andreas Pfeiffer\",\"image\":{\"@type\":\"ImageObject\",\"inLanguage\":\"de\",\"@id\":\"http:\\\/\\\/andreas-pfeiffer.de\\\/wp-content\\\/uploads\\\/2019\\\/02\\\/Bild2018.jpg\",\"url\":\"http:\\\/\\\/andreas-pfeiffer.de\\\/wp-content\\\/uploads\\\/2019\\\/02\\\/Bild2018.jpg\",\"contentUrl\":\"http:\\\/\\\/andreas-pfeiffer.de\\\/wp-content\\\/uploads\\\/2019\\\/02\\\/Bild2018.jpg\",\"width\":1072,\"height\":712,\"caption\":\"Andreas Pfeiffer\"},\"logo\":{\"@id\":\"http:\\\/\\\/andreas-pfeiffer.de\\\/wp-content\\\/uploads\\\/2019\\\/02\\\/Bild2018.jpg\"}},{\"@type\":\"Person\",\"@id\":\"https:\\\/\\\/andreas-pfeiffer.de\\\/#\\\/schema\\\/person\\\/4fe6b2ec91a99276304bbb38b0efdb7a\",\"name\":\"andreaspfeiffer\"}]}<\/script>\n<!-- \/ Yoast SEO plugin. -->","yoast_head_json":{"title":"Kandidatur f\u00fcr das Vorstandsamt des Vorsitzenden im DVE - Andreas Pfeiffer","robots":{"index":"index","follow":"follow","max-snippet":"max-snippet:-1","max-image-preview":"max-image-preview:large","max-video-preview":"max-video-preview:-1"},"canonical":"https:\/\/andreas-pfeiffer.de\/?p=158","og_locale":"de_DE","og_type":"article","og_title":"Kandidatur f\u00fcr das Vorstandsamt des Vorsitzenden im DVE - Andreas Pfeiffer","og_description":"Auf der Mitgliederversammlung des\u00a0Deutschen Verband der Ergotherapeuten\u00a0(DVE) am 22. Juni in W\u00fcrzburg wurde ich zum Vorsitzenden des Vorstands des DVE gew\u00e4hlt. Ich freue mich sehr \u00fcber dieses Amt! Weitere Informationen finden Sie unter:\u00a0DVE","og_url":"https:\/\/andreas-pfeiffer.de\/?p=158","og_site_name":"Andreas Pfeiffer","article_published_time":"2018-06-28T09:26:34+00:00","article_modified_time":"2019-02-26T08:20:28+00:00","author":"andreaspfeiffer","twitter_card":"summary_large_image","twitter_misc":{"Verfasst von":"andreaspfeiffer"},"schema":{"@context":"https:\/\/schema.org","@graph":[{"@type":"Article","@id":"https:\/\/andreas-pfeiffer.de\/?p=158#article","isPartOf":{"@id":"https:\/\/andreas-pfeiffer.de\/?p=158"},"author":{"name":"andreaspfeiffer","@id":"https:\/\/andreas-pfeiffer.de\/#\/schema\/person\/4fe6b2ec91a99276304bbb38b0efdb7a"},"headline":"Kandidatur f\u00fcr das Vorstandsamt des Vorsitzenden im DVE","datePublished":"2018-06-28T09:26:34+00:00","dateModified":"2019-02-26T08:20:28+00:00","mainEntityOfPage":{"@id":"https:\/\/andreas-pfeiffer.de\/?p=158"},"wordCount":46,"publisher":{"@id":"https:\/\/andreas-pfeiffer.de\/#\/schema\/person\/faf4c19532443b2c6dab5f647e1e4a99"},"articleSection":["Nachrichten"],"inLanguage":"de"},{"@type":"WebPage","@id":"https:\/\/andreas-pfeiffer.de\/?p=158","url":"https:\/\/andreas-pfeiffer.de\/?p=158","name":"Kandidatur f\u00fcr das Vorstandsamt des Vorsitzenden im DVE - Andreas Pfeiffer","isPartOf":{"@id":"https:\/\/andreas-pfeiffer.de\/#website"},"datePublished":"2018-06-28T09:26:34+00:00","dateModified":"2019-02-26T08:20:28+00:00","breadcrumb":{"@id":"https:\/\/andreas-pfeiffer.de\/?p=158#breadcrumb"},"inLanguage":"de","potentialAction":[{"@type":"ReadAction","target":["https:\/\/andreas-pfeiffer.de\/?p=158"]}]},{"@type":"BreadcrumbList","@id":"https:\/\/andreas-pfeiffer.de\/?p=158#breadcrumb","itemListElement":[{"@type":"ListItem","position":1,"name":"Startseite","item":"https:\/\/andreas-pfeiffer.de\/"},{"@type":"ListItem","position":2,"name":"Kandidatur f\u00fcr das Vorstandsamt des Vorsitzenden im DVE"}]},{"@type":"WebSite","@id":"https:\/\/andreas-pfeiffer.de\/#website","url":"https:\/\/andreas-pfeiffer.de\/","name":"Andreas Pfeiffer","description":"Ergotherapeut","publisher":{"@id":"https:\/\/andreas-pfeiffer.de\/#\/schema\/person\/faf4c19532443b2c6dab5f647e1e4a99"},"potentialAction":[{"@type":"SearchAction","target":{"@type":"EntryPoint","urlTemplate":"https:\/\/andreas-pfeiffer.de\/?s={search_term_string}"},"query-input":{"@type":"PropertyValueSpecification","valueRequired":true,"valueName":"search_term_string"}}],"inLanguage":"de"},{"@type":["Person","Organization"],"@id":"https:\/\/andreas-pfeiffer.de\/#\/schema\/person\/faf4c19532443b2c6dab5f647e1e4a99","name":"Andreas Pfeiffer","image":{"@type":"ImageObject","inLanguage":"de","@id":"http:\/\/andreas-pfeiffer.de\/wp-content\/uploads\/2019\/02\/Bild2018.jpg","url":"http:\/\/andreas-pfeiffer.de\/wp-content\/uploads\/2019\/02\/Bild2018.jpg","contentUrl":"http:\/\/andreas-pfeiffer.de\/wp-content\/uploads\/2019\/02\/Bild2018.jpg","width":1072,"height":712,"caption":"Andreas Pfeiffer"},"logo":{"@id":"http:\/\/andreas-pfeiffer.de\/wp-content\/uploads\/2019\/02\/Bild2018.jpg"}},{"@type":"Person","@id":"https:\/\/andreas-pfeiffer.de\/#\/schema\/person\/4fe6b2ec91a99276304bbb38b0efdb7a","name":"andreaspfeiffer"}]}},"_links":{"self":[{"href":"https:\/\/andreas-pfeiffer.de\/index.php?rest_route=\/wp\/v2\/posts\/158","targetHints":{"allow":["GET"]}}],"collection":[{"href":"https:\/\/andreas-pfeiffer.de\/index.php?rest_route=\/wp\/v2\/posts"}],"about":[{"href":"https:\/\/andreas-pfeiffer.de\/index.php?rest_route=\/wp\/v2\/types\/post"}],"author":[{"embeddable":true,"href":"https:\/\/andreas-pfeiffer.de\/index.php?rest_route=\/wp\/v2\/users\/1"}],"replies":[{"embeddable":true,"href":"https:\/\/andreas-pfeiffer.de\/index.php?rest_route=%2Fwp%2Fv2%2Fcomments&post=158"}],"version-history":[{"count":2,"href":"https:\/\/andreas-pfeiffer.de\/index.php?rest_route=\/wp\/v2\/posts\/158\/revisions"}],"predecessor-version":[{"id":848,"href":"https:\/\/andreas-pfeiffer.de\/index.php?rest_route=\/wp\/v2\/posts\/158\/revisions\/848"}],"wp:attachment":[{"href":"https:\/\/andreas-pfeiffer.de\/index.php?rest_route=%2Fwp%2Fv2%2Fmedia&parent=158"}],"wp:term":[{"taxonomy":"category","embeddable":true,"href":"https:\/\/andreas-pfeiffer.de\/index.php?rest_route=%2Fwp%2Fv2%2Fcategories&post=158"},{"taxonomy":"post_tag","embeddable":true,"href":"https:\/\/andreas-pfeiffer.de\/index.php?rest_route=%2Fwp%2Fv2%2Ftags&post=158"}],"curies":[{"name":"wp","href":"https:\/\/api.w.org\/{rel}","templated":true}]}}